{"id":1271,"date":"2024-07-10T11:01:38","date_gmt":"2024-07-10T15:01:38","guid":{"rendered":"https:\/\/ww2.funproeibandes.org\/?p=1271"},"modified":"2024-07-10T11:01:38","modified_gmt":"2024-07-10T15:01:38","slug":"simikunata-kallpakunapa-para-fortalecer-las-lenguas","status":"publish","type":"post","link":"https:\/\/www.funproeibandes.org\/?p=1271","title":{"rendered":"Simikunata kallpakunapa. Para fortalecer las lenguas"},"content":{"rendered":"<p>[et_pb_section fb_built=\u00bb1&#8243; _builder_version=\u00bb4.26.0&#8243; _module_preset=\u00bbdefault\u00bb background_enable_image=\u00bboff\u00bb global_colors_info=\u00bb{}\u00bb theme_builder_area=\u00bbpost_content\u00bb][et_pb_row column_structure=\u00bb1_2,1_2&#8243; _builder_version=\u00bb4.26.0&#8243; _module_preset=\u00bbdefault\u00bb global_colors_info=\u00bb{}\u00bb theme_builder_area=\u00bbpost_content\u00bb][et_pb_column type=\u00bb1_2&#8243; _builder_version=\u00bb4.26.0&#8243; _module_preset=\u00bbdefault\u00bb global_colors_info=\u00bb{}\u00bb theme_builder_area=\u00bbpost_content\u00bb][et_pb_heading title=\u00bbSimikunata kallpakunapa. Para fortalecer las lenguas\u00bb _builder_version=\u00bb4.26.0&#8243; _module_preset=\u00bbdefault\u00bb hover_enabled=\u00bb0&#8243; global_colors_info=\u00bb{}\u00bb theme_builder_area=\u00bbpost_content\u00bb sticky_enabled=\u00bb0&#8243;][\/et_pb_heading][et_pb_text _builder_version=\u00bb4.26.0&#8243; _module_preset=\u00bbdefault\u00bb hover_enabled=\u00bb0&#8243; global_colors_info=\u00bb{}\u00bb theme_builder_area=\u00bbpost_content\u00bb sticky_enabled=\u00bb0&#8243;]<\/p>\n<p style=\"text-align: justify;\"><strong>Producci\u00f3n:<\/strong> Daniel Guzm\u00e1n Paco Cochabamba, 2020<\/p>\n<p style=\"text-align: justify;\"><strong>Duraci\u00f3n:<\/strong> 17 min. 14 seg.<\/p>\n<p style=\"text-align: justify;\"><strong>Resumen:<\/strong> Sistematiza la experiencia de la segunda versi\u00f3n del Diplomado en Culturas y Len- guas. Describe las experiencia, logros, dificultades y desaf\u00edos del curso. Muestra el an\u00e1lisis y reflexi\u00f3n del desarrollo de diagn\u00f3sticos socioling\u00fc\u00edsticos, dise\u00f1o proyec- tos de revitalizaci\u00f3n y investigaci\u00f3n Acci\u00f3n Participativa.<\/p>\n<p>[\/et_pb_text][\/et_pb_column][et_pb_column type=\u00bb1_2&#8243; _builder_version=\u00bb4.26.0&#8243; _module_preset=\u00bbdefault\u00bb global_colors_info=\u00bb{}\u00bb theme_builder_area=\u00bbpost_content\u00bb][et_pb_video src=\u00bbhttps:\/\/youtu.be\/dlTB2hdZ39Y?si=ejnNg0_rblVO-5iF\u00bb _builder_version=\u00bb4.26.0&#8243; _module_preset=\u00bbdefault\u00bb hover_enabled=\u00bb0&#8243; global_colors_info=\u00bb{}\u00bb theme_builder_area=\u00bbpost_content\u00bb sticky_enabled=\u00bb0&#8243;][\/et_pb_video][\/et_pb_column][\/et_pb_row][\/et_pb_section]<\/p>\n","protected":false},"excerpt":{"rendered":"<p>Producci\u00f3n: Daniel Guzm\u00e1n Paco Cochabamba, 2020 Duraci\u00f3n: 17 min. 14 seg. Resumen: Sistematiza la experiencia de la segunda versi\u00f3n del Diplomado en Culturas y Len- guas. Describe las experiencia, logros, dificultades y desaf\u00edos del curso. Muestra el an\u00e1lisis y reflexi\u00f3n del desarrollo de diagn\u00f3sticos socioling\u00fc\u00edsticos, dise\u00f1o proyec- tos de revitalizaci\u00f3n y investigaci\u00f3n Acci\u00f3n Participativa.<\/p>\n","protected":false},"author":1,"featured_media":1272,"comment_status":"closed","ping_status":"closed","sticky":false,"template":"","format":"standard","meta":{"_et_pb_use_builder":"on","_et_pb_old_content":"","_et_gb_content_width":"1080","footnotes":""},"categories":[16],"tags":[],"class_list":["post-1271","post","type-post","status-publish","format-standard","has-post-thumbnail","hentry","category-audiovisual"],"_links":{"self":[{"href":"https:\/\/www.funproeibandes.org\/index.php?rest_route=\/wp\/v2\/posts\/1271","targetHints":{"allow":["GET"]}}],"collection":[{"href":"https:\/\/www.funproeibandes.org\/index.php?rest_route=\/wp\/v2\/posts"}],"about":[{"href":"https:\/\/www.funproeibandes.org\/index.php?rest_route=\/wp\/v2\/types\/post"}],"author":[{"embeddable":true,"href":"https:\/\/www.funproeibandes.org\/index.php?rest_route=\/wp\/v2\/users\/1"}],"replies":[{"embeddable":true,"href":"https:\/\/www.funproeibandes.org\/index.php?rest_route=%2Fwp%2Fv2%2Fcomments&post=1271"}],"version-history":[{"count":2,"href":"https:\/\/www.funproeibandes.org\/index.php?rest_route=\/wp\/v2\/posts\/1271\/revisions"}],"predecessor-version":[{"id":1275,"href":"https:\/\/www.funproeibandes.org\/index.php?rest_route=\/wp\/v2\/posts\/1271\/revisions\/1275"}],"wp:featuredmedia":[{"embeddable":true,"href":"https:\/\/www.funproeibandes.org\/index.php?rest_route=\/wp\/v2\/media\/1272"}],"wp:attachment":[{"href":"https:\/\/www.funproeibandes.org\/index.php?rest_route=%2Fwp%2Fv2%2Fmedia&parent=1271"}],"wp:term":[{"taxonomy":"category","embeddable":true,"href":"https:\/\/www.funproeibandes.org\/index.php?rest_route=%2Fwp%2Fv2%2Fcategories&post=1271"},{"taxonomy":"post_tag","embeddable":true,"href":"https:\/\/www.funproeibandes.org\/index.php?rest_route=%2Fwp%2Fv2%2Ftags&post=1271"}],"curies":[{"name":"wp","href":"https:\/\/api.w.org\/{rel}","templated":true}]}}