{"id":3008,"date":"2025-09-22T13:38:21","date_gmt":"2025-09-22T17:38:21","guid":{"rendered":"https:\/\/www.funproeibandes.org\/?p=3008"},"modified":"2025-09-23T11:40:50","modified_gmt":"2025-09-23T15:40:50","slug":"taller-virtual-estrategias-para-el-activismo-digital-en-lenguas-indigenas-2aversion","status":"publish","type":"post","link":"https:\/\/www.funproeibandes.org\/?p=3008","title":{"rendered":"Taller virtual: Estrategias para el activismo digital en lenguas ind\u00edgenas, 2\u00aaversi\u00f3n"},"content":{"rendered":"<p>[et_pb_section fb_built=\u00bb1&#8243; _builder_version=\u00bb4.27.0&#8243; _module_preset=\u00bbdefault\u00bb global_colors_info=\u00bb{}\u00bb][et_pb_row _builder_version=\u00bb4.27.0&#8243; _module_preset=\u00bbdefault\u00bb global_colors_info=\u00bb{}\u00bb][et_pb_column type=\u00bb4_4&#8243; _builder_version=\u00bb4.27.0&#8243; _module_preset=\u00bbdefault\u00bb global_colors_info=\u00bb{}\u00bb][et_pb_heading title=\u00bbConvocatoria: Curso de Investigaci\u00f3n Intercultural, Identidades y Corporalidades 2da versi\u00f3n\u00bb _builder_version=\u00bb4.27.0&#8243; _module_preset=\u00bbdefault\u00bb title_font=\u00bb|700|||||||\u00bb title_text_align=\u00bbcenter\u00bb global_colors_info=\u00bb{}\u00bb][\/et_pb_heading][et_pb_image src=\u00bbhttp:\/\/www.funproeibandes.org\/wp-content\/uploads\/2025\/09\/Para-mas-informacion-1.png\u00bb _builder_version=\u00bb4.27.4&#8243; _module_preset=\u00bbdefault\u00bb theme_builder_area=\u00bbpost_content\u00bb hover_enabled=\u00bb0&#8243; sticky_enabled=\u00bb0&#8243;][\/et_pb_image][\/et_pb_column][\/et_pb_row][et_pb_row column_structure=\u00bb2_5,3_5&#8243; _builder_version=\u00bb4.27.0&#8243; _module_preset=\u00bbdefault\u00bb global_colors_info=\u00bb{}\u00bb][et_pb_column type=\u00bb2_5&#8243; _builder_version=\u00bb4.27.0&#8243; _module_preset=\u00bbdefault\u00bb global_colors_info=\u00bb{}\u00bb][et_pb_text _builder_version=\u00bb4.27.4&#8243; _module_preset=\u00bbdefault\u00bb hover_enabled=\u00bb0&#8243; global_colors_info=\u00bb{}\u00bb custom_padding=\u00bb||0px|||\u00bb sticky_enabled=\u00bb0&#8243;]<\/p>\n<p style=\"text-align: justify;\">La FUNPROEIB ANDES invita al taller denominado: <strong>Estrategias para el activismos digital en lenguas ind\u00edgenas<\/strong>, cuyo objetivo es brindar herramientas para el activismo digital para diferentes redes sociales.<br \/>El taller est\u00e1 abierto para las personas de los distintos pa\u00edses de la regi\u00f3n.<\/p>\n<p style=\"text-align: justify;\">[\/et_pb_text][\/et_pb_column][et_pb_column type=\u00bb3_5&#8243; _builder_version=\u00bb4.27.0&#8243; _module_preset=\u00bbdefault\u00bb global_colors_info=\u00bb{}\u00bb][et_pb_text _builder_version=\u00bb4.27.4&#8243; _module_preset=\u00bbdefault\u00bb hover_enabled=\u00bb0&#8243; sticky_enabled=\u00bb0&#8243;]<\/p>\n<p style=\"text-align: justify;\"><strong>Dirigido a:<\/strong><\/p>\n<p style=\"text-align: justify;\">\u2705Activistas digitales<\/p>\n<p style=\"text-align: justify;\">\u2705Estudiantes, profesoras\/es<\/p>\n<p style=\"text-align: justify;\">\u2705Toda persona interesada en los activismos digitales en lenguas ind\u00edgenas que tengan una iniciativa en curso.<\/p>\n<p style=\"text-align: justify;\">\ud83d\udcbb<strong>Modalidad:<\/strong> Virtual<\/p>\n<p style=\"text-align: justify;\">\ud83d\udcc5<strong>Duraci\u00f3n:<\/strong> tres semanas.<\/p>\n<p style=\"text-align: justify;\">\u270d\ufe0f<strong>Postulaciones:<\/strong> hasta el 25 de septiembre de 2025.<\/p>\n<p style=\"text-align: justify;\">\ud83d\udcc5<strong>Inicio de actividades:<\/strong> 30 de septiembre<\/p>\n<p style=\"text-align: justify;\">Facilitador: El\u00edas Ajata.<\/p>\n<p>[\/et_pb_text][\/et_pb_column][\/et_pb_row][et_pb_row _builder_version=\u00bb4.27.0&#8243; _module_preset=\u00bbdefault\u00bb global_colors_info=\u00bb{}\u00bb][et_pb_column type=\u00bb4_4&#8243; _builder_version=\u00bb4.27.0&#8243; _module_preset=\u00bbdefault\u00bb global_colors_info=\u00bb{}\u00bb][et_pb_button button_url=\u00bbhttp:\/\/www.funproeibandes.org\/wp-content\/uploads\/2025\/09\/Convocatoria-Estrategias-para-el-activismo-digital-en-lenguas-indigenas-25.pdf\u00bb url_new_window=\u00bbon\u00bb button_text=\u00bbVer convocatoria\u00bb button_alignment=\u00bbleft\u00bb _builder_version=\u00bb4.27.4&#8243; _module_preset=\u00bbdefault\u00bb global_colors_info=\u00bb{}\u00bb][\/et_pb_button][et_pb_button button_url=\u00bbhttps:\/\/docs.google.com\/forms\/d\/e\/1FAIpQLScgluZh4qQ-FvOzhgaL0FLrDMFqqW7bBQcpxMhiTGBzUyBdwQ\/viewform\u00bb url_new_window=\u00bbon\u00bb button_text=\u00bbFormulario\u00bb button_alignment=\u00bbleft\u00bb _builder_version=\u00bb4.27.4&#8243; _module_preset=\u00bbdefault\u00bb global_colors_info=\u00bb{}\u00bb][\/et_pb_button][\/et_pb_column][\/et_pb_row][\/et_pb_section]<\/p>\n","protected":false},"excerpt":{"rendered":"<p>La FUNPROEIB ANDES invita al taller denominado: Estrategias para el activismos digital en lenguas ind\u00edgenas, cuyo objetivo es brindar herramientas para el activismo digital para diferentes redes sociales.El taller est\u00e1 abierto para las personas de los distintos pa\u00edses de la regi\u00f3n. Dirigido a: \u2705Activistas digitales \u2705Estudiantes, profesoras\/es \u2705Toda persona interesada en los activismos digitales en [&hellip;]<\/p>\n","protected":false},"author":2,"featured_media":3010,"comment_status":"closed","ping_status":"closed","sticky":false,"template":"","format":"standard","meta":{"_et_pb_use_builder":"on","_et_pb_old_content":"","_et_gb_content_width":"1080","footnotes":""},"categories":[8,1],"tags":[],"class_list":["post-3008","post","type-post","status-publish","format-standard","has-post-thumbnail","hentry","category-convocatoria","category-eventos"],"_links":{"self":[{"href":"https:\/\/www.funproeibandes.org\/index.php?rest_route=\/wp\/v2\/posts\/3008","targetHints":{"allow":["GET"]}}],"collection":[{"href":"https:\/\/www.funproeibandes.org\/index.php?rest_route=\/wp\/v2\/posts"}],"about":[{"href":"https:\/\/www.funproeibandes.org\/index.php?rest_route=\/wp\/v2\/types\/post"}],"author":[{"embeddable":true,"href":"https:\/\/www.funproeibandes.org\/index.php?rest_route=\/wp\/v2\/users\/2"}],"replies":[{"embeddable":true,"href":"https:\/\/www.funproeibandes.org\/index.php?rest_route=%2Fwp%2Fv2%2Fcomments&post=3008"}],"version-history":[{"count":5,"href":"https:\/\/www.funproeibandes.org\/index.php?rest_route=\/wp\/v2\/posts\/3008\/revisions"}],"predecessor-version":[{"id":3045,"href":"https:\/\/www.funproeibandes.org\/index.php?rest_route=\/wp\/v2\/posts\/3008\/revisions\/3045"}],"wp:featuredmedia":[{"embeddable":true,"href":"https:\/\/www.funproeibandes.org\/index.php?rest_route=\/wp\/v2\/media\/3010"}],"wp:attachment":[{"href":"https:\/\/www.funproeibandes.org\/index.php?rest_route=%2Fwp%2Fv2%2Fmedia&parent=3008"}],"wp:term":[{"taxonomy":"category","embeddable":true,"href":"https:\/\/www.funproeibandes.org\/index.php?rest_route=%2Fwp%2Fv2%2Fcategories&post=3008"},{"taxonomy":"post_tag","embeddable":true,"href":"https:\/\/www.funproeibandes.org\/index.php?rest_route=%2Fwp%2Fv2%2Ftags&post=3008"}],"curies":[{"name":"wp","href":"https:\/\/api.w.org\/{rel}","templated":true}]}}