{"id":3668,"date":"2026-03-12T13:06:03","date_gmt":"2026-03-12T17:06:03","guid":{"rendered":"https:\/\/www.funproeibandes.org\/?p=3668"},"modified":"2026-03-12T13:25:48","modified_gmt":"2026-03-12T17:25:48","slug":"propuestas-ganadoras-del-fondo-de-apoyo-tecnico-y-financiero-para-proyectos-de-revitalizacion-cultural-y-linguistico-2026","status":"publish","type":"post","link":"https:\/\/www.funproeibandes.org\/?p=3668","title":{"rendered":"Propuestas ganadoras del Fondo de Apoyo T\u00e9cnico y Financiero para proyectos de revitalizaci\u00f3n cultural y ling\u00fc\u00edstico 2026"},"content":{"rendered":"<p>[et_pb_section fb_built=\u00bb1&#8243; _builder_version=\u00bb4.27.5&#8243; _module_preset=\u00bbdefault\u00bb global_colors_info=\u00bb{}\u00bb][et_pb_row _builder_version=\u00bb4.27.5&#8243; _module_preset=\u00bbdefault\u00bb global_colors_info=\u00bb{}\u00bb][et_pb_column type=\u00bb4_4&#8243; _builder_version=\u00bb4.27.5&#8243; _module_preset=\u00bbdefault\u00bb global_colors_info=\u00bb{}\u00bb][et_pb_heading title=\u00bbPropuestas ganadoras del Fondo de Apoyo T\u00e9cnico y Financiero para proyectos de revitalizaci\u00f3n cultural y ling\u00fc\u00edstico 2026&#8243; _builder_version=\u00bb4.27.5&#8243; _module_preset=\u00bbdefault\u00bb title_font=\u00bb|700|||||||\u00bb title_text_align=\u00bbcenter\u00bb title_text_color=\u00bbgcid-c86e62ff-92a1-4099-aecc-635d036192ab\u00bb title_font_size=\u00bb37px\u00bb title_line_height=\u00bb1.2em\u00bb global_colors_info=\u00bb{%22gcid-c86e62ff-92a1-4099-aecc-635d036192ab%22:%91%22title_text_color%22%93}\u00bb][\/et_pb_heading][\/et_pb_column][\/et_pb_row][\/et_pb_section][et_pb_section fb_built=\u00bb1&#8243; _builder_version=\u00bb4.27.5&#8243; _module_preset=\u00bbdefault\u00bb global_colors_info=\u00bb{}\u00bb][et_pb_row _builder_version=\u00bb4.27.5&#8243; _module_preset=\u00bbdefault\u00bb global_colors_info=\u00bb{}\u00bb][et_pb_column type=\u00bb4_4&#8243; _builder_version=\u00bb4.27.5&#8243; _module_preset=\u00bbdefault\u00bb global_colors_info=\u00bb{}\u00bb][et_pb_text _builder_version=\u00bb4.27.5&#8243; _module_preset=\u00bbdefault\u00bb global_colors_info=\u00bb{%22gcid-28366106-ecf8-496b-97f0-6a9be6882356%22:%91%22header_text_color%22,%22text_text_color%22%93}\u00bb header_text_color=\u00bbgcid-28366106-ecf8-496b-97f0-6a9be6882356&#8243; text_text_color=\u00bbgcid-28366106-ecf8-496b-97f0-6a9be6882356&#8243; text_font_size=\u00bb17px\u00bb custom_margin=\u00bb-153px||||false|false\u00bb hover_enabled=\u00bb0&#8243; sticky_enabled=\u00bb0&#8243;]<\/p>\n<p data-start=\"135\" data-end=\"352\" style=\"text-align: justify;\">La <strong data-start=\"138\" data-end=\"157\">FUNPROEIB Andes<\/strong> tiene el agrado de compartir los resultados del proceso de selecci\u00f3n del <strong data-start=\"231\" data-end=\"349\">Fondo de Apoyo T\u00e9cnico y Financiero para Proyectos de Revitalizaci\u00f3n Cultural y Ling\u00fc\u00edstica \u2013 sexta versi\u00f3n (2026)<\/strong>.<\/p>\n<p data-start=\"354\" data-end=\"683\" style=\"text-align: justify;\">Agradecemos profundamente a todas las personas, comunidades, investigadoras e investigadores, as\u00ed como a las y los activistas que presentaron sus propuestas. Cada iniciativa refleja el compromiso y el valioso trabajo que se desarrolla para el fortalecimiento, la preservaci\u00f3n y la revitalizaci\u00f3n de nuestras lenguas y culturas.<\/p>\n<p data-start=\"685\" data-end=\"942\" style=\"text-align: justify;\">Asimismo, felicitamos a las y los responsables de las propuestas seleccionadas. Confiamos en que este proceso permitir\u00e1 generar un trabajo conjunto que contribuya al fortalecimiento de las iniciativas de revitalizaci\u00f3n ling\u00fc\u00edstica en nuestros territorios.<\/p>\n<p data-start=\"944\" data-end=\"1103\" style=\"text-align: justify;\">Invitamos a las personas interesadas a revisar el <strong data-start=\"994\" data-end=\"1011\">acta completa<\/strong> que acompa\u00f1a esta publicaci\u00f3n, donde se detallan los resultados del proceso de selecci\u00f3n.<\/p>\n<p>[\/et_pb_text][\/et_pb_column][\/et_pb_row][\/et_pb_section][et_pb_section fb_built=\u00bb1&#8243; _builder_version=\u00bb4.27.5&#8243; _module_preset=\u00bbdefault\u00bb custom_margin=\u00bb-126px||||false|false\u00bb global_colors_info=\u00bb{}\u00bb][et_pb_row _builder_version=\u00bb4.27.5&#8243; _module_preset=\u00bbdefault\u00bb box_shadow_style=\u00bbpreset1&#8243; global_colors_info=\u00bb{}\u00bb][et_pb_column type=\u00bb4_4&#8243; _builder_version=\u00bb4.27.5&#8243; _module_preset=\u00bbdefault\u00bb global_colors_info=\u00bb{}\u00bb][et_pb_image src=\u00bbhttp:\/\/www.funproeibandes.org\/wp-content\/uploads\/2026\/03\/1-01-scaled.png\u00bb title_text=\u00bb1-01&#8243; _builder_version=\u00bb4.27.5&#8243; _module_preset=\u00bbdefault\u00bb global_colors_info=\u00bb{}\u00bb][\/et_pb_image][\/et_pb_column][\/et_pb_row][et_pb_row _builder_version=\u00bb4.27.5&#8243; _module_preset=\u00bbdefault\u00bb global_colors_info=\u00bb{}\u00bb][et_pb_column type=\u00bb4_4&#8243; _builder_version=\u00bb4.27.5&#8243; _module_preset=\u00bbdefault\u00bb global_colors_info=\u00bb{}\u00bb][et_pb_image src=\u00bbhttp:\/\/www.funproeibandes.org\/wp-content\/uploads\/2026\/03\/543253-02-scaled.png\u00bb title_text=\u00bb543253-02&#8243; _builder_version=\u00bb4.27.5&#8243; _module_preset=\u00bbdefault\u00bb box_shadow_style=\u00bbpreset1&#8243; global_colors_info=\u00bb{}\u00bb][\/et_pb_image][\/et_pb_column][\/et_pb_row][\/et_pb_section]<\/p>\n","protected":false},"excerpt":{"rendered":"<p>La FUNPROEIB Andes tiene el agrado de compartir los resultados del proceso de selecci\u00f3n del Fondo de Apoyo T\u00e9cnico y Financiero para Proyectos de Revitalizaci\u00f3n Cultural y Ling\u00fc\u00edstica \u2013 sexta versi\u00f3n (2026). Agradecemos profundamente a todas las personas, comunidades, investigadoras e investigadores, as\u00ed como a las y los activistas que presentaron sus propuestas. Cada iniciativa [&hellip;]<\/p>\n","protected":false},"author":2,"featured_media":3673,"comment_status":"closed","ping_status":"closed","sticky":false,"template":"","format":"standard","meta":{"_et_pb_use_builder":"on","_et_pb_old_content":"","_et_gb_content_width":"1080","footnotes":""},"categories":[1],"tags":[],"class_list":["post-3668","post","type-post","status-publish","format-standard","has-post-thumbnail","hentry","category-eventos"],"_links":{"self":[{"href":"https:\/\/www.funproeibandes.org\/index.php?rest_route=\/wp\/v2\/posts\/3668","targetHints":{"allow":["GET"]}}],"collection":[{"href":"https:\/\/www.funproeibandes.org\/index.php?rest_route=\/wp\/v2\/posts"}],"about":[{"href":"https:\/\/www.funproeibandes.org\/index.php?rest_route=\/wp\/v2\/types\/post"}],"author":[{"embeddable":true,"href":"https:\/\/www.funproeibandes.org\/index.php?rest_route=\/wp\/v2\/users\/2"}],"replies":[{"embeddable":true,"href":"https:\/\/www.funproeibandes.org\/index.php?rest_route=%2Fwp%2Fv2%2Fcomments&post=3668"}],"version-history":[{"count":6,"href":"https:\/\/www.funproeibandes.org\/index.php?rest_route=\/wp\/v2\/posts\/3668\/revisions"}],"predecessor-version":[{"id":3678,"href":"https:\/\/www.funproeibandes.org\/index.php?rest_route=\/wp\/v2\/posts\/3668\/revisions\/3678"}],"wp:featuredmedia":[{"embeddable":true,"href":"https:\/\/www.funproeibandes.org\/index.php?rest_route=\/wp\/v2\/media\/3673"}],"wp:attachment":[{"href":"https:\/\/www.funproeibandes.org\/index.php?rest_route=%2Fwp%2Fv2%2Fmedia&parent=3668"}],"wp:term":[{"taxonomy":"category","embeddable":true,"href":"https:\/\/www.funproeibandes.org\/index.php?rest_route=%2Fwp%2Fv2%2Fcategories&post=3668"},{"taxonomy":"post_tag","embeddable":true,"href":"https:\/\/www.funproeibandes.org\/index.php?rest_route=%2Fwp%2Fv2%2Ftags&post=3668"}],"curies":[{"name":"wp","href":"https:\/\/api.w.org\/{rel}","templated":true}]}}