{"id":4455,"date":"2026-04-27T16:14:44","date_gmt":"2026-04-27T20:14:44","guid":{"rendered":"https:\/\/www.funproeibandes.org\/?p=4455"},"modified":"2026-04-27T16:24:12","modified_gmt":"2026-04-27T20:24:12","slug":"instrumentalizacion-del-racismo-en-el-gobierno-del-mas","status":"publish","type":"post","link":"https:\/\/www.funproeibandes.org\/?p=4455","title":{"rendered":"Instrumentalizaci\u00f3n del racismo en el gobierno del MAS"},"content":{"rendered":"\n[et_pb_section fb_built=\u00bb1&#8243; _builder_version=\u00bb4.27.5&#8243; _module_preset=\u00bbdefault\u00bb locked=\u00bboff\u00bb global_colors_info=\u00bb{}\u00bb][et_pb_row column_structure=\u00bb1_2,1_2&#8243; _builder_version=\u00bb4.27.5&#8243; _module_preset=\u00bbdefault\u00bb global_colors_info=\u00bb{}\u00bb][et_pb_column type=\u00bb1_2&#8243; _builder_version=\u00bb4.27.5&#8243; _module_preset=\u00bbdefault\u00bb global_colors_info=\u00bb{}\u00bb][et_pb_image src=\u00bbhttp:\/\/www.funproeibandes.org\/wp-content\/uploads\/2026\/04\/Portada-La-instrumentalizacion-del-racismo-en-el-gobierno-del-MAS_Mesa-de-trabajo-1-scaled.png\u00bb title_text=\u00bbPortada La instrumentalizaci\u00f3n del racismo en el gobierno del MAS_Mesa de trabajo 1&#8243; _builder_version=\u00bb4.27.5&#8243; _module_preset=\u00bbdefault\u00bb global_colors_info=\u00bb{}\u00bb][\/et_pb_image][et_pb_text _builder_version=\u00bb4.27.5&#8243; _module_preset=\u00bbdefault\u00bb text_text_color=\u00bbgcid-28366106-ecf8-496b-97f0-6a9be6882356&#8243; global_colors_info=\u00bb{%22gcid-28366106-ecf8-496b-97f0-6a9be6882356%22:%91%22text_text_color%22%93}\u00bb]<p><strong>Resumen:\u00a0<\/strong><\/p>\n<p style=\"text-align: justify;\"><span> <span class=\"fontstyle0\">El inicio de un nuevo ciclo pol\u00edtico en la historia reciente boliviana, a partir <\/span><\/span><span><span class=\"fontstyle0\">del 2006, fue esperanzador para gran parte de la poblaci\u00f3n por las transformaciones <\/span><\/span><span style=\"font-size: 14px;\">sociales y pol\u00edticas que empezaron a experimentarse, a la vez que traum\u00e1tico para la <\/span><span style=\"font-size: 14px;\">sociedad en general porque ha removido heridas sociales y ha obligado a repensar <\/span><span style=\"font-size: 14px;\">la identidad boliviana y las relaciones de unos grupos de la sociedad con respecto a <\/span><span style=\"font-size: 14px;\">otros, es decir, su tejido social.<\/span><\/p>\n<p>&nbsp;<\/p>[\/et_pb_text][\/et_pb_column][et_pb_column type=\u00bb1_2&#8243; _builder_version=\u00bb4.27.5&#8243; _module_preset=\u00bbdefault\u00bb global_colors_info=\u00bb{}\u00bb][et_pb_heading title=\u00bbInstrumentalizaci\u00f3n del racismo en el gobierno del MAS\u00bb _builder_version=\u00bb4.27.5&#8243; _module_preset=\u00bbdefault\u00bb title_text_align=\u00bbjustify\u00bb title_line_height=\u00bb1.1em\u00bb hover_enabled=\u00bb0&#8243; global_colors_info=\u00bb{}\u00bb title_font=\u00bb|700|||||||\u00bb sticky_enabled=\u00bb0&#8243; title_text_color=\u00bb#212a52&#8243;][\/et_pb_heading][et_pb_heading title=\u00bbAn\u00e1lisis cr\u00edtico de los discursos pol\u00edticos (2006 Al 2019)\u00bb _builder_version=\u00bb4.27.5&#8243; _module_preset=\u00bbdefault\u00bb title_text_align=\u00bbjustify\u00bb title_line_height=\u00bb1.1em\u00bb hover_enabled=\u00bb0&#8243; global_colors_info=\u00bb{}\u00bb sticky_enabled=\u00bb0&#8243; title_font_size=\u00bb25px\u00bb custom_margin=\u00bb-30px||||false|false\u00bb][\/et_pb_heading][et_pb_text _builder_version=\u00bb4.27.5&#8243; _module_preset=\u00bbdefault\u00bb text_text_color=\u00bbgcid-28366106-ecf8-496b-97f0-6a9be6882356&#8243; text_orientation=\u00bbjustified\u00bb global_colors_info=\u00bb{%22gcid-28366106-ecf8-496b-97f0-6a9be6882356%22:%91%22text_text_color%22%93}\u00bb]<p><strong>Autores: <\/strong>Patricia Alandia Mercado<\/p>\n<p><strong>P\u00e1ginas:<\/strong> 230<\/p>\n<p><strong>Dep\u00f3sito legal: <\/strong><span class=\"fontstyle0\">2-1-3998-2026<\/span><strong><br \/><\/strong><\/p>\n<p><strong>ISSN:<\/strong> \u00a0<span class=\"fontstyle0\">978-9917-618-38-6<\/span> <\/p>[\/et_pb_text][et_pb_button button_url=\u00bbhttp:\/\/www.funproeibandes.org\/wp-content\/uploads\/2026\/04\/Libro-La-Instrumentalizacion-del-Racismo-en-el-Gobierno-del-MAS-16-04-26.pdf\u00bb button_text=\u00bbVer PDF\u00bb _builder_version=\u00bb4.27.5&#8243; _module_preset=\u00bbdefault\u00bb global_colors_info=\u00bb{}\u00bb][\/et_pb_button][\/et_pb_column][\/et_pb_row][\/et_pb_section]\n","protected":false},"excerpt":{"rendered":"<p>Resumen:\u00a0 El inicio de un nuevo ciclo pol\u00edtico en la historia reciente boliviana, a partir del 2006, fue esperanzador para gran parte de la poblaci\u00f3n por las transformaciones sociales y pol\u00edticas que empezaron a experimentarse, a la vez que traum\u00e1tico para la sociedad en general porque ha removido heridas sociales y ha obligado a repensar [&hellip;]<\/p>\n","protected":false},"author":2,"featured_media":4465,"comment_status":"closed","ping_status":"closed","sticky":false,"template":"","format":"standard","meta":{"_et_pb_use_builder":"on","_et_pb_old_content":"","_et_gb_content_width":"1080","footnotes":""},"categories":[20],"tags":[],"class_list":["post-4455","post","type-post","status-publish","format-standard","has-post-thumbnail","hentry","category-co-publicaciones"],"_links":{"self":[{"href":"https:\/\/www.funproeibandes.org\/index.php?rest_route=\/wp\/v2\/posts\/4455","targetHints":{"allow":["GET"]}}],"collection":[{"href":"https:\/\/www.funproeibandes.org\/index.php?rest_route=\/wp\/v2\/posts"}],"about":[{"href":"https:\/\/www.funproeibandes.org\/index.php?rest_route=\/wp\/v2\/types\/post"}],"author":[{"embeddable":true,"href":"https:\/\/www.funproeibandes.org\/index.php?rest_route=\/wp\/v2\/users\/2"}],"replies":[{"embeddable":true,"href":"https:\/\/www.funproeibandes.org\/index.php?rest_route=%2Fwp%2Fv2%2Fcomments&post=4455"}],"version-history":[{"count":5,"href":"https:\/\/www.funproeibandes.org\/index.php?rest_route=\/wp\/v2\/posts\/4455\/revisions"}],"predecessor-version":[{"id":4466,"href":"https:\/\/www.funproeibandes.org\/index.php?rest_route=\/wp\/v2\/posts\/4455\/revisions\/4466"}],"wp:featuredmedia":[{"embeddable":true,"href":"https:\/\/www.funproeibandes.org\/index.php?rest_route=\/wp\/v2\/media\/4465"}],"wp:attachment":[{"href":"https:\/\/www.funproeibandes.org\/index.php?rest_route=%2Fwp%2Fv2%2Fmedia&parent=4455"}],"wp:term":[{"taxonomy":"category","embeddable":true,"href":"https:\/\/www.funproeibandes.org\/index.php?rest_route=%2Fwp%2Fv2%2Fcategories&post=4455"},{"taxonomy":"post_tag","embeddable":true,"href":"https:\/\/www.funproeibandes.org\/index.php?rest_route=%2Fwp%2Fv2%2Ftags&post=4455"}],"curies":[{"name":"wp","href":"https:\/\/api.w.org\/{rel}","templated":true}]}}