{"id":707,"date":"2024-07-08T09:13:06","date_gmt":"2024-07-08T13:13:06","guid":{"rendered":"https:\/\/ww2.funproeibandes.org\/?p=707"},"modified":"2024-09-15T19:53:20","modified_gmt":"2024-09-15T23:53:20","slug":"fortaleciendo-la-unidad-de-la-nacion-uru-y-la-participacion-social-uru-en-la-educacion","status":"publish","type":"post","link":"https:\/\/www.funproeibandes.org\/?p=707","title":{"rendered":"Fortaleciendo la unidad de la Naci\u00f3n Uru y la participaci\u00f3n social uru en la educaci\u00f3n"},"content":{"rendered":"<p>[et_pb_section fb_built=\u00bb1&#8243; _builder_version=\u00bb4.26.0&#8243; _module_preset=\u00bbdefault\u00bb global_colors_info=\u00bb{}\u00bb][et_pb_row column_structure=\u00bb1_2,1_2&#8243; _builder_version=\u00bb4.26.0&#8243; _module_preset=\u00bbdefault\u00bb global_colors_info=\u00bb{}\u00bb][et_pb_column type=\u00bb1_2&#8243; _builder_version=\u00bb4.26.0&#8243; _module_preset=\u00bbdefault\u00bb global_colors_info=\u00bb{}\u00bb][et_pb_image src=\u00bbhttps:\/\/ww2.funproeibandes.org\/wp-content\/uploads\/2024\/07\/Cartilla-NOU-y-CENU-ok-1.png\u00bb title_text=\u00bbCartilla-NOU-y-CENU-ok-1&#8243; _builder_version=\u00bb4.26.0&#8243; _module_preset=\u00bbdefault\u00bb global_colors_info=\u00bb{}\u00bb][\/et_pb_image][et_pb_text _builder_version=\u00bb4.26.0&#8243; _module_preset=\u00bbdefault\u00bb global_colors_info=\u00bb{}\u00bb]<\/p>\n<p><strong>Resumen:\u00a0<\/strong><\/p>\n<p>Cartilla que acompa\u00f1a el video del \u201cVI Congreso de la Naci\u00f3n Originaria Uru y III Congreso del Consejo Educativo de la Naci\u00f3n Uru\u201d realizado en noviembre de 2018. Ambos materiales brindan informaci\u00f3n sobre la organizaci\u00f3n tradicional urus, su historia, avances, problemas y retos hacia el futuro.<\/p>\n<p>[\/et_pb_text][\/et_pb_column][et_pb_column type=\u00bb1_2&#8243; _builder_version=\u00bb4.26.0&#8243; _module_preset=\u00bbdefault\u00bb global_colors_info=\u00bb{}\u00bb][et_pb_heading title=\u00bbFortaleciendo la unidad de la Naci\u00f3n Uru y la participaci\u00f3n social uru en la educaci\u00f3n\u00bb _builder_version=\u00bb4.26.0&#8243; _module_preset=\u00bbdefault\u00bb global_colors_info=\u00bb{}\u00bb][\/et_pb_heading][et_pb_text _builder_version=\u00bb4.26.0&#8243; _module_preset=\u00bbdefault\u00bb global_colors_info=\u00bb{}\u00bb]<\/p>\n<p><strong>Autores:<\/strong> Carlos Callapa y Delicia Escalera<\/p>\n<p><strong>Datos de Edici\u00f3n:<\/strong> Funproeib Andes,\u00a0\u00a0Cochabamba, 2019<\/p>\n<p><strong>P\u00e1ginas:<\/strong> 52<\/p>\n<p><strong>Dep\u00f3sito legal:<\/strong> 2-1-464-19<\/p>\n<p><strong>ISBN:<\/strong> 978-99974-997-0-7<\/p>\n<p>[\/et_pb_text][et_pb_button button_url=\u00bbhttps:\/\/www.funproeibandes.org\/wp-content\/uploads\/2024\/07\/Cartilla-NOU-y-CENU-ok.pdf\u00bb button_text=\u00bbVer PDF\u00bb _builder_version=\u00bb4.27.0&#8243; _module_preset=\u00bbdefault\u00bb hover_enabled=\u00bb0&#8243; global_colors_info=\u00bb{}\u00bb sticky_enabled=\u00bb0&#8243;][\/et_pb_button][\/et_pb_column][\/et_pb_row][\/et_pb_section]<\/p>\n","protected":false},"excerpt":{"rendered":"<p>Resumen:\u00a0 Cartilla que acompa\u00f1a el video del \u201cVI Congreso de la Naci\u00f3n Originaria Uru y III Congreso del Consejo Educativo de la Naci\u00f3n Uru\u201d realizado en noviembre de 2018. Ambos materiales brindan informaci\u00f3n sobre la organizaci\u00f3n tradicional urus, su historia, avances, problemas y retos hacia el futuro.Autores: Carlos Callapa y Delicia Escalera Datos de Edici\u00f3n: [&hellip;]<\/p>\n","protected":false},"author":1,"featured_media":1727,"comment_status":"closed","ping_status":"closed","sticky":false,"template":"","format":"standard","meta":{"_et_pb_use_builder":"on","_et_pb_old_content":"","_et_gb_content_width":"1080","footnotes":""},"categories":[12],"tags":[],"class_list":["post-707","post","type-post","status-publish","format-standard","has-post-thumbnail","hentry","category-libros-2"],"_links":{"self":[{"href":"https:\/\/www.funproeibandes.org\/index.php?rest_route=\/wp\/v2\/posts\/707","targetHints":{"allow":["GET"]}}],"collection":[{"href":"https:\/\/www.funproeibandes.org\/index.php?rest_route=\/wp\/v2\/posts"}],"about":[{"href":"https:\/\/www.funproeibandes.org\/index.php?rest_route=\/wp\/v2\/types\/post"}],"author":[{"embeddable":true,"href":"https:\/\/www.funproeibandes.org\/index.php?rest_route=\/wp\/v2\/users\/1"}],"replies":[{"embeddable":true,"href":"https:\/\/www.funproeibandes.org\/index.php?rest_route=%2Fwp%2Fv2%2Fcomments&post=707"}],"version-history":[{"count":5,"href":"https:\/\/www.funproeibandes.org\/index.php?rest_route=\/wp\/v2\/posts\/707\/revisions"}],"predecessor-version":[{"id":2181,"href":"https:\/\/www.funproeibandes.org\/index.php?rest_route=\/wp\/v2\/posts\/707\/revisions\/2181"}],"wp:featuredmedia":[{"embeddable":true,"href":"https:\/\/www.funproeibandes.org\/index.php?rest_route=\/wp\/v2\/media\/1727"}],"wp:attachment":[{"href":"https:\/\/www.funproeibandes.org\/index.php?rest_route=%2Fwp%2Fv2%2Fmedia&parent=707"}],"wp:term":[{"taxonomy":"category","embeddable":true,"href":"https:\/\/www.funproeibandes.org\/index.php?rest_route=%2Fwp%2Fv2%2Fcategories&post=707"},{"taxonomy":"post_tag","embeddable":true,"href":"https:\/\/www.funproeibandes.org\/index.php?rest_route=%2Fwp%2Fv2%2Ftags&post=707"}],"curies":[{"name":"wp","href":"https:\/\/api.w.org\/{rel}","templated":true}]}}