{"id":896,"date":"2024-07-08T12:50:23","date_gmt":"2024-07-08T16:50:23","guid":{"rendered":"https:\/\/ww2.funproeibandes.org\/?p=896"},"modified":"2024-10-14T10:54:20","modified_gmt":"2024-10-14T14:54:20","slug":"realidades-y-desafios-de-la-educacion-a-distancia-virtual-en-tres-universidades-de-bolivia-en-el-contexto-de-la-pandemia-covid-19-durante-la-gestion-2020-informe-de-investigacion","status":"publish","type":"post","link":"https:\/\/www.funproeibandes.org\/?p=896","title":{"rendered":"Realidades y desaf\u00edos de la educaci\u00f3n a distancia virtual en tres universidades de Bolivia en el contexto de la pandemia covid-19 durante la gesti\u00f3n 2020. Informe de investigaci\u00f3n"},"content":{"rendered":"<p>[et_pb_section fb_built=\u00bb1&#8243; _builder_version=\u00bb4.26.0&#8243; _module_preset=\u00bbdefault\u00bb global_colors_info=\u00bb{}\u00bb][et_pb_row column_structure=\u00bb1_2,1_2&#8243; _builder_version=\u00bb4.26.0&#8243; _module_preset=\u00bbdefault\u00bb global_colors_info=\u00bb{}\u00bb][et_pb_column type=\u00bb1_2&#8243; _builder_version=\u00bb4.26.0&#8243; _module_preset=\u00bbdefault\u00bb global_colors_info=\u00bb{}\u00bb][et_pb_image src=\u00bbhttps:\/\/ww2.funproeibandes.org\/wp-content\/uploads\/2024\/07\/Realidade-y-desafios-de-la-educacion-a-distancia-virtual-1.png\u00bb title_text=\u00bbRealidade-y-desafios-de-la-educacion-a-distancia-virtual-1&#8243; _builder_version=\u00bb4.26.0&#8243; _module_preset=\u00bbdefault\u00bb global_colors_info=\u00bb{}\u00bb][\/et_pb_image][et_pb_text _builder_version=\u00bb4.26.0&#8243; _module_preset=\u00bbdefault\u00bb global_colors_info=\u00bb{}\u00bb]<\/p>\n<p><strong>Resumen:\u00a0<\/strong><\/p>\n<p style=\"text-align: justify;\">Informe que da cuenta de las acciones implementadas por las tres universidades que participaron de la investigaci\u00f3n promovida por la Funproeib Andes, la Universidad Mayor de San Sim\u00f3n, la Universidad Aut\u00f3noma del Beni, la Universidad Ind\u00edgena de Bolivia, sede Guaran\u00ed y de Pueblos de Tierras Bajas. Aborda percepsiones de los protagonistas y las limitaciones tecnol\u00f3gicas y formativas para afrontar los desaf\u00edos de la educaci\u00f3n virtual.<\/p>\n<p>[\/et_pb_text][\/et_pb_column][et_pb_column type=\u00bb1_2&#8243; _builder_version=\u00bb4.26.0&#8243; _module_preset=\u00bbdefault\u00bb global_colors_info=\u00bb{}\u00bb][et_pb_heading title=\u00bbRealidades y desaf\u00edos de la educaci\u00f3n a distancia virtual en tres universidades de Bolivia en el contexto de la pandemia covid-19 durante la gesti\u00f3n 2020. Informe de investigaci\u00f3n\u00bb _builder_version=\u00bb4.26.0&#8243; _module_preset=\u00bbdefault\u00bb global_colors_info=\u00bb{}\u00bb][\/et_pb_heading][et_pb_text _builder_version=\u00bb4.26.0&#8243; _module_preset=\u00bbdefault\u00bb global_colors_info=\u00bb{}\u00bb]<\/p>\n<p><strong>Autores:<\/strong> Daniel Guzm\u00e1n P., Danissa Candelaria \u00c1lvarez, Juana E. Guzm\u00e1n M. y Rub\u00e9n D. Valverde<\/p>\n<p><strong>Datos de Edici\u00f3n:<\/strong> Funproeib Andes Cochabamba, 2021<\/p>\n<p><strong>P\u00e1ginas:<\/strong> 190<\/p>\n<p><strong>Dep\u00f3sito legal:<\/strong> 2-1-6308-2021<\/p>\n<p><strong>ISBN:<\/strong> 978-9917-9856-2-4<\/p>\n<p>[\/et_pb_text][et_pb_button button_text=\u00bbVer PDF\u00bb _builder_version=\u00bb4.27.2&#8243; _module_preset=\u00bbdefault\u00bb hover_enabled=\u00bb0&#8243; global_colors_info=\u00bb{}\u00bb button_url=\u00bbhttp:\/\/www.funproeibandes.org\/wp-content\/uploads\/2024\/07\/Realidade-y-desafios-de-la-educacion-a-distancia-virtual.pdf\u00bb url_new_window=\u00bbon\u00bb sticky_enabled=\u00bb0&#8243;][\/et_pb_button][\/et_pb_column][\/et_pb_row][\/et_pb_section]<\/p>\n","protected":false},"excerpt":{"rendered":"<p>Resumen:\u00a0 Informe que da cuenta de las acciones implementadas por las tres universidades que participaron de la investigaci\u00f3n promovida por la Funproeib Andes, la Universidad Mayor de San Sim\u00f3n, la Universidad Aut\u00f3noma del Beni, la Universidad Ind\u00edgena de Bolivia, sede Guaran\u00ed y de Pueblos de Tierras Bajas. Aborda percepsiones de los protagonistas y las limitaciones [&hellip;]<\/p>\n","protected":false},"author":1,"featured_media":1698,"comment_status":"closed","ping_status":"closed","sticky":false,"template":"","format":"standard","meta":{"_et_pb_use_builder":"on","_et_pb_old_content":"","_et_gb_content_width":"1080","footnotes":""},"categories":[11],"tags":[],"class_list":["post-896","post","type-post","status-publish","format-standard","has-post-thumbnail","hentry","category-libros"],"_links":{"self":[{"href":"https:\/\/www.funproeibandes.org\/index.php?rest_route=\/wp\/v2\/posts\/896","targetHints":{"allow":["GET"]}}],"collection":[{"href":"https:\/\/www.funproeibandes.org\/index.php?rest_route=\/wp\/v2\/posts"}],"about":[{"href":"https:\/\/www.funproeibandes.org\/index.php?rest_route=\/wp\/v2\/types\/post"}],"author":[{"embeddable":true,"href":"https:\/\/www.funproeibandes.org\/index.php?rest_route=\/wp\/v2\/users\/1"}],"replies":[{"embeddable":true,"href":"https:\/\/www.funproeibandes.org\/index.php?rest_route=%2Fwp%2Fv2%2Fcomments&post=896"}],"version-history":[{"count":5,"href":"https:\/\/www.funproeibandes.org\/index.php?rest_route=\/wp\/v2\/posts\/896\/revisions"}],"predecessor-version":[{"id":2310,"href":"https:\/\/www.funproeibandes.org\/index.php?rest_route=\/wp\/v2\/posts\/896\/revisions\/2310"}],"wp:featuredmedia":[{"embeddable":true,"href":"https:\/\/www.funproeibandes.org\/index.php?rest_route=\/wp\/v2\/media\/1698"}],"wp:attachment":[{"href":"https:\/\/www.funproeibandes.org\/index.php?rest_route=%2Fwp%2Fv2%2Fmedia&parent=896"}],"wp:term":[{"taxonomy":"category","embeddable":true,"href":"https:\/\/www.funproeibandes.org\/index.php?rest_route=%2Fwp%2Fv2%2Fcategories&post=896"},{"taxonomy":"post_tag","embeddable":true,"href":"https:\/\/www.funproeibandes.org\/index.php?rest_route=%2Fwp%2Fv2%2Ftags&post=896"}],"curies":[{"name":"wp","href":"https:\/\/api.w.org\/{rel}","templated":true}]}}