{"id":916,"date":"2024-07-08T18:18:09","date_gmt":"2024-07-08T22:18:09","guid":{"rendered":"https:\/\/ww2.funproeibandes.org\/?p=916"},"modified":"2024-09-15T19:20:45","modified_gmt":"2024-09-15T23:20:45","slug":"interculturalidad-ciudadania-y-multilinguismo","status":"publish","type":"post","link":"https:\/\/www.funproeibandes.org\/?p=916","title":{"rendered":"Interculturalidad, ciudadan\u00eda y multiling\u00fcismo"},"content":{"rendered":"<p>[et_pb_section fb_built=\u00bb1&#8243; _builder_version=\u00bb4.26.0&#8243; _module_preset=\u00bbdefault\u00bb global_colors_info=\u00bb{}\u00bb][et_pb_row column_structure=\u00bb1_2,1_2&#8243; _builder_version=\u00bb4.26.0&#8243; _module_preset=\u00bbdefault\u00bb global_colors_info=\u00bb{}\u00bb][et_pb_column type=\u00bb1_2&#8243; _builder_version=\u00bb4.26.0&#8243; _module_preset=\u00bbdefault\u00bb global_colors_info=\u00bb{}\u00bb][et_pb_image src=\u00bbhttps:\/\/ww2.funproeibandes.org\/wp-content\/uploads\/2024\/07\/Interculturalidad-ciudadania-y-multilinguismo-1.png\u00bb title_text=\u00bbInterculturalidad-ciudadania-y-multilinguismo-1&#8243; _builder_version=\u00bb4.26.0&#8243; _module_preset=\u00bbdefault\u00bb global_colors_info=\u00bb{}\u00bb][\/et_pb_image][et_pb_text _builder_version=\u00bb4.26.0&#8243; _module_preset=\u00bbdefault\u00bb global_colors_info=\u00bb{}\u00bb]<\/p>\n<p><strong>Resumen:\u00a0<\/strong><\/p>\n<p>El libro pone el acento en el ejercicio de los derechos ling\u00fc\u00edsticos como aspecto inherente al ejercicio de una ciudadan\u00eda intercultural activa. Relaciona aspectos vinculados con el multiling\u00fcismo boliviano con la construcci\u00f3n de la interculturalidad y la ciudadan\u00eda, en el marco de la defensa de una vida digna.<\/p>\n<p>[\/et_pb_text][\/et_pb_column][et_pb_column type=\u00bb1_2&#8243; _builder_version=\u00bb4.26.0&#8243; _module_preset=\u00bbdefault\u00bb global_colors_info=\u00bb{}\u00bb][et_pb_heading title=\u00bbInterculturalidad, ciudadan\u00eda y multiling\u00fcismo\u00bb _builder_version=\u00bb4.26.0&#8243; _module_preset=\u00bbdefault\u00bb global_colors_info=\u00bb{}\u00bb][\/et_pb_heading][et_pb_text _builder_version=\u00bb4.26.0&#8243; _module_preset=\u00bbdefault\u00bb global_colors_info=\u00bb{}\u00bb]<\/p>\n<p><strong>Autores:<\/strong> Luis Enrique L\u00f3pez, Ariel Carlos Guarayo Morales e Isabel Condori Chiri<\/p>\n<p><strong>Datos de Edici\u00f3n:<\/strong> Funproeib Andes Cochabamba, 2021<\/p>\n<p><strong>P\u00e1ginas:<\/strong> 138<\/p>\n<p><strong>Dep\u00f3sito legal:<\/strong> 2-1-4055-2021<\/p>\n<p><strong>ISBN:<\/strong> 978-99974-996-9-1<\/p>\n<p>[\/et_pb_text][et_pb_button button_url=\u00bbhttps:\/\/www.funproeibandes.org\/wp-content\/uploads\/2024\/07\/Interculturalidad-ciudadania-y-multilinguismo.pdf\u00bb button_text=\u00bbVer PDF\u00bb _builder_version=\u00bb4.27.0&#8243; _module_preset=\u00bbdefault\u00bb hover_enabled=\u00bb0&#8243; global_colors_info=\u00bb{}\u00bb sticky_enabled=\u00bb0&#8243;][\/et_pb_button][\/et_pb_column][\/et_pb_row][\/et_pb_section]<\/p>\n","protected":false},"excerpt":{"rendered":"<p>Resumen:\u00a0 El libro pone el acento en el ejercicio de los derechos ling\u00fc\u00edsticos como aspecto inherente al ejercicio de una ciudadan\u00eda intercultural activa. Relaciona aspectos vinculados con el multiling\u00fcismo boliviano con la construcci\u00f3n de la interculturalidad y la ciudadan\u00eda, en el marco de la defensa de una vida digna.Autores: Luis Enrique L\u00f3pez, Ariel Carlos Guarayo [&hellip;]<\/p>\n","protected":false},"author":1,"featured_media":1783,"comment_status":"closed","ping_status":"closed","sticky":false,"template":"","format":"standard","meta":{"_et_pb_use_builder":"on","_et_pb_old_content":"","_et_gb_content_width":"1080","footnotes":""},"categories":[14],"tags":[],"class_list":["post-916","post","type-post","status-publish","format-standard","has-post-thumbnail","hentry","category-libros-cursos"],"_links":{"self":[{"href":"https:\/\/www.funproeibandes.org\/index.php?rest_route=\/wp\/v2\/posts\/916","targetHints":{"allow":["GET"]}}],"collection":[{"href":"https:\/\/www.funproeibandes.org\/index.php?rest_route=\/wp\/v2\/posts"}],"about":[{"href":"https:\/\/www.funproeibandes.org\/index.php?rest_route=\/wp\/v2\/types\/post"}],"author":[{"embeddable":true,"href":"https:\/\/www.funproeibandes.org\/index.php?rest_route=\/wp\/v2\/users\/1"}],"replies":[{"embeddable":true,"href":"https:\/\/www.funproeibandes.org\/index.php?rest_route=%2Fwp%2Fv2%2Fcomments&post=916"}],"version-history":[{"count":5,"href":"https:\/\/www.funproeibandes.org\/index.php?rest_route=\/wp\/v2\/posts\/916\/revisions"}],"predecessor-version":[{"id":2142,"href":"https:\/\/www.funproeibandes.org\/index.php?rest_route=\/wp\/v2\/posts\/916\/revisions\/2142"}],"wp:featuredmedia":[{"embeddable":true,"href":"https:\/\/www.funproeibandes.org\/index.php?rest_route=\/wp\/v2\/media\/1783"}],"wp:attachment":[{"href":"https:\/\/www.funproeibandes.org\/index.php?rest_route=%2Fwp%2Fv2%2Fmedia&parent=916"}],"wp:term":[{"taxonomy":"category","embeddable":true,"href":"https:\/\/www.funproeibandes.org\/index.php?rest_route=%2Fwp%2Fv2%2Fcategories&post=916"},{"taxonomy":"post_tag","embeddable":true,"href":"https:\/\/www.funproeibandes.org\/index.php?rest_route=%2Fwp%2Fv2%2Ftags&post=916"}],"curies":[{"name":"wp","href":"https:\/\/api.w.org\/{rel}","templated":true}]}}